{"id":59008,"date":"2026-08-31T13:25:16","date_gmt":"2026-08-31T13:25:16","guid":{"rendered":"https:\/\/foundation17.org\/site-specific-artistic-intervention-kacallar-gjurme\/"},"modified":"2026-08-31T13:28:31","modified_gmt":"2026-08-31T13:28:31","slug":"site-specific-artistic-intervention-kacallar-gjurme","status":"publish","type":"post","link":"https:\/\/foundation17.org\/sq\/site-specific-artistic-intervention-kacallar-gjurme\/","title":{"rendered":"Intervenimi artistik specifik p\u00ebr lokacionin | Kacallar- Gjurm\u00eb"},"content":{"rendered":"\n<p class=\"wp-block-paragraph\">KORI SIPARANTUM<\/p>\n\n\n\n<p class=\"wp-block-paragraph\">19 shtator 2026, ora 19:00<\/p>\n\n\n\n<p class=\"wp-block-paragraph\">P\u00ebrmes z\u00ebrit t\u00eb Siparantum Choir, hap\u00ebsirat, historit\u00eb dhe kujtimet e Prishtin\u00ebs shnd\u00ebrrohen n\u00eb nj\u00eb p\u00ebrvoj\u00eb muzikore q\u00eb lidh t\u00eb kaluar\u00ebn me t\u00eb tashmen dhe t\u00eb tashmen me t\u00eb ardhmen. Performanca n\u00eb kuad\u00ebr t\u00eb nd\u00ebrhyrjes artistike specifike p\u00ebr lokacionin nis nga Kacallar\u00ebt, nj\u00eb prej pjes\u00ebve t\u00eb vjetra t\u00eb Prishtin\u00ebs, nga sokak\u00ebt, sht\u00ebpit\u00eb me tulla t\u00eb kuqe, furra, Rilindja dhe hap\u00ebsirat ku dikur zhvillohej jeta e p\u00ebrditshme. K\u00ebto vende nuk trajtohen vet\u00ebm si nd\u00ebrtesa apo lokacione, por si bart\u00ebse t\u00eb kujtes\u00ebs njer\u00ebzore. N\u00eb kujtimet e njer\u00ebzve, aty kan\u00eb qen\u00eb loja, puna, familja, z\u00ebrat, aroma e buk\u00ebs dhe jeta e lagjes. P\u00ebrmes repertorit t\u00eb zgjedhur, kori kalon n\u00ebp\u00ebr gjendje t\u00eb ndryshme emocionale dhe artistike: nga energjia dhe l\u00ebvizja kolektive, te zjarri, lutja, humbja, \u00ebndrra, identiteti, dashuria dhe shpresa. Performanca hapet me vepren PREMIER\u00cb \u201cGjurm\u00eb\u201d t\u00eb kompozuar nga Memli Kelmendi enkas p\u00ebr k\u00ebt\u00eb aktivitet, e cila sh\u00ebnon pik\u00ebnisjen e rr\u00ebfimit. M\u00eb pas, p\u00ebrmes repertorit t\u00eb p\u00ebrzgjedhur, krijohet nj\u00eb rr\u00ebfim muzikor q\u00eb kalon nga nj\u00eb kujtim n\u00eb tjetrin dhe nga nj\u00eb gjendje n\u00eb tjetr\u00ebn, duke ndjekur gjurm\u00ebt e njer\u00ebzve, hap\u00ebsirave dhe kujtimeve q\u00eb kan\u00eb mbetur n\u00eb qytet. Fjal\u00ebt e nxjerra nga intervistat b\u00ebhen pjes\u00eb e identitetit t\u00eb k\u00ebtij rr\u00ebfimi: \u201cKacallart\u201d, \u201cSokaku\u201d, \u201cShpija me tulla t\u00eb kuqe\u201d, \u201cRilindja\u201d, \u201cFurra\u201d, \u201cSht\u00ebpia e fantazmave\u201d, \u201cJetimi\u201d, \u201cQielli \u00ebsht\u00eb limiti\u201d. N\u00eb k\u00ebt\u00eb koncept, Kori Siparantum nuk \u00ebsht\u00eb vet\u00ebm interpretues i muzik\u00ebs. Kori b\u00ebhet z\u00ebri i nj\u00eb kujtese kolektive. Z\u00ebrat e korist\u00ebve\/eve nd\u00ebrtojn\u00eb dhe rikthejn\u00eb p\u00ebrkoh\u00ebsisht hap\u00ebsira q\u00eb nuk ekzistojn\u00eb m\u00eb n\u00eb t\u00eb nj\u00ebjt\u00ebn form\u00eb.<\/p>\n\n\n\n<p class=\"wp-block-paragraph\">&#8212;&#8211;<\/p>\n\n\n\n<p class=\"wp-block-paragraph\"><sub>Shtat\u00ebmb\u00ebdhjet\u00eb p\u00ebrkrahet nga programi i Fondacionit Kosovar p\u00ebr Shoq\u00ebri Civile (KCSF) \u2018EJA Kosov\u00eb\u2019, bashk\u00ebfinancuar nga Agjencia Zvicerane p\u00ebr Zhvillim dhe Bashk\u00ebpunim (SDC) dhe Suedia. Po ashtu nga Ministria e Kultur\u00ebs dhe Turizmit dhe Kryeqyteti Prishtina.<\/sub><\/p>\n\n\n\n<p class=\"wp-block-paragraph\"><\/p>\n","protected":false},"excerpt":{"rendered":"<p>KORI SIPARANTUM 19 shtator 2026, ora 19:00 P\u00ebrmes z\u00ebrit t\u00eb Siparantum Choir, hap\u00ebsirat, historit\u00eb dhe kujtimet e Prishtin\u00ebs shnd\u00ebrrohen n\u00eb nj\u00eb p\u00ebrvoj\u00eb muzikore q\u00eb lidh t\u00eb kaluar\u00ebn me t\u00eb tashmen&hellip;<\/p>\n","protected":false},"author":1,"featured_media":59006,"comment_status":"closed","ping_status":"closed","sticky":false,"template":"","format":"standard","meta":{"nf_dc_page":"","om_disable_all_campaigns":false,"footnotes":""},"categories":[31],"tags":[],"class_list":["post-59008","post","type-post","status-publish","format-standard","has-post-thumbnail","hentry","category-metamorphosis","category-31","description-off"],"yoast_head":"<!-- This site is optimized with the Yoast SEO plugin v28.4 - https:\/\/yoast.com\/product\/yoast-seo-wordpress\/ -->\n<title>Intervenimi artistik specifik p\u00ebr lokacionin | Kacallar- Gjurm\u00eb - SHTAT\u00cbMB\u00cbDHJET\u00cb<\/title>\n<meta name=\"robots\" content=\"index, follow, max-snippet:-1, max-image-preview:large, max-video-preview:-1\" \/>\n<link rel=\"canonical\" href=\"https:\/\/foundation17.org\/sq\/site-specific-artistic-intervention-kacallar-gjurme\/\" \/>\n<meta property=\"og:locale\" content=\"sq_AL\" \/>\n<meta property=\"og:type\" content=\"article\" \/>\n<meta property=\"og:title\" content=\"Intervenimi artistik specifik p\u00ebr lokacionin | Kacallar- Gjurm\u00eb - SHTAT\u00cbMB\u00cbDHJET\u00cb\" \/>\n<meta property=\"og:description\" content=\"KORI SIPARANTUM 19 shtator 2026, ora 19:00 P\u00ebrmes z\u00ebrit t\u00eb Siparantum Choir, hap\u00ebsirat, historit\u00eb dhe kujtimet e Prishtin\u00ebs shnd\u00ebrrohen n\u00eb nj\u00eb p\u00ebrvoj\u00eb muzikore q\u00eb lidh t\u00eb kaluar\u00ebn me t\u00eb tashmen&hellip;\" \/>\n<meta property=\"og:url\" content=\"https:\/\/foundation17.org\/sq\/site-specific-artistic-intervention-kacallar-gjurme\/\" \/>\n<meta property=\"og:site_name\" content=\"SHTAT\u00cbMB\u00cbDHJET\u00cb\" \/>\n<meta property=\"article:publisher\" content=\"https:\/\/www.facebook.com\/fondacioni17\" \/>\n<meta property=\"article:published_time\" content=\"2026-08-31T13:25:16+00:00\" \/>\n<meta property=\"article:modified_time\" content=\"2026-08-31T13:28:31+00:00\" \/>\n<meta property=\"og:image\" content=\"https:\/\/foundation17.org\/wp-content\/uploads\/2026\/08\/Metamorphosis-Social.jpg\" \/>\n\t<meta property=\"og:image:width\" content=\"1081\" \/>\n\t<meta property=\"og:image:height\" content=\"1351\" \/>\n\t<meta property=\"og:image:type\" content=\"image\/jpeg\" \/>\n<meta name=\"author\" content=\"admin\" \/>\n<meta name=\"twitter:card\" content=\"summary_large_image\" \/>\n<meta name=\"twitter:label1\" content=\"Written by\" \/>\n\t<meta name=\"twitter:data1\" content=\"admin\" \/>\n\t<meta name=\"twitter:label2\" content=\"Est. reading time\" \/>\n\t<meta name=\"twitter:data2\" content=\"2 minutes\" \/>\n<script type=\"application\/ld+json\" class=\"yoast-schema-graph\">{\"@context\":\"https:\\\/\\\/schema.org\",\"@graph\":[{\"@type\":\"Article\",\"@id\":\"https:\\\/\\\/foundation17.org\\\/sq\\\/site-specific-artistic-intervention-kacallar-gjurme\\\/#article\",\"isPartOf\":{\"@id\":\"https:\\\/\\\/foundation17.org\\\/sq\\\/site-specific-artistic-intervention-kacallar-gjurme\\\/\"},\"author\":{\"name\":\"admin\",\"@id\":\"https:\\\/\\\/foundation17.org\\\/#\\\/schema\\\/person\\\/5cc9b37ff368ba2e113b3720d3ea3a3a\"},\"headline\":\"Intervenimi artistik specifik p\u00ebr lokacionin | Kacallar- Gjurm\u00eb\",\"datePublished\":\"2026-08-31T13:25:16+00:00\",\"dateModified\":\"2026-08-31T13:28:31+00:00\",\"mainEntityOfPage\":{\"@id\":\"https:\\\/\\\/foundation17.org\\\/sq\\\/site-specific-artistic-intervention-kacallar-gjurme\\\/\"},\"wordCount\":362,\"publisher\":{\"@id\":\"https:\\\/\\\/foundation17.org\\\/#organization\"},\"image\":{\"@id\":\"https:\\\/\\\/foundation17.org\\\/sq\\\/site-specific-artistic-intervention-kacallar-gjurme\\\/#primaryimage\"},\"thumbnailUrl\":\"https:\\\/\\\/foundation17.org\\\/wp-content\\\/uploads\\\/2026\\\/08\\\/Metamorphosis-Social.jpg\",\"articleSection\":[\"Metamorphosis\"],\"inLanguage\":\"sq-AL\"},{\"@type\":\"WebPage\",\"@id\":\"https:\\\/\\\/foundation17.org\\\/sq\\\/site-specific-artistic-intervention-kacallar-gjurme\\\/\",\"url\":\"https:\\\/\\\/foundation17.org\\\/sq\\\/site-specific-artistic-intervention-kacallar-gjurme\\\/\",\"name\":\"Intervenimi artistik specifik p\u00ebr lokacionin | Kacallar- Gjurm\u00eb - SHTAT\u00cbMB\u00cbDHJET\u00cb\",\"isPartOf\":{\"@id\":\"https:\\\/\\\/foundation17.org\\\/#website\"},\"primaryImageOfPage\":{\"@id\":\"https:\\\/\\\/foundation17.org\\\/sq\\\/site-specific-artistic-intervention-kacallar-gjurme\\\/#primaryimage\"},\"image\":{\"@id\":\"https:\\\/\\\/foundation17.org\\\/sq\\\/site-specific-artistic-intervention-kacallar-gjurme\\\/#primaryimage\"},\"thumbnailUrl\":\"https:\\\/\\\/foundation17.org\\\/wp-content\\\/uploads\\\/2026\\\/08\\\/Metamorphosis-Social.jpg\",\"datePublished\":\"2026-08-31T13:25:16+00:00\",\"dateModified\":\"2026-08-31T13:28:31+00:00\",\"breadcrumb\":{\"@id\":\"https:\\\/\\\/foundation17.org\\\/sq\\\/site-specific-artistic-intervention-kacallar-gjurme\\\/#breadcrumb\"},\"inLanguage\":\"sq-AL\",\"potentialAction\":[{\"@type\":\"ReadAction\",\"target\":[\"https:\\\/\\\/foundation17.org\\\/sq\\\/site-specific-artistic-intervention-kacallar-gjurme\\\/\"]}]},{\"@type\":\"ImageObject\",\"inLanguage\":\"sq-AL\",\"@id\":\"https:\\\/\\\/foundation17.org\\\/sq\\\/site-specific-artistic-intervention-kacallar-gjurme\\\/#primaryimage\",\"url\":\"https:\\\/\\\/foundation17.org\\\/wp-content\\\/uploads\\\/2026\\\/08\\\/Metamorphosis-Social.jpg\",\"contentUrl\":\"https:\\\/\\\/foundation17.org\\\/wp-content\\\/uploads\\\/2026\\\/08\\\/Metamorphosis-Social.jpg\",\"width\":1081,\"height\":1351},{\"@type\":\"BreadcrumbList\",\"@id\":\"https:\\\/\\\/foundation17.org\\\/sq\\\/site-specific-artistic-intervention-kacallar-gjurme\\\/#breadcrumb\",\"itemListElement\":[{\"@type\":\"ListItem\",\"position\":1,\"name\":\"Home\",\"item\":\"https:\\\/\\\/foundation17.org\\\/sq\\\/\"},{\"@type\":\"ListItem\",\"position\":2,\"name\":\"Intervenimi artistik specifik p\u00ebr lokacionin | Kacallar- Gjurm\u00eb\"}]},{\"@type\":\"WebSite\",\"@id\":\"https:\\\/\\\/foundation17.org\\\/#website\",\"url\":\"https:\\\/\\\/foundation17.org\\\/\",\"name\":\"SHTAT\u00cbMB\u00cbDHJET\u00cb\",\"description\":\"is a nonprofit organization established in Prishtina, Kosovo in 2018. 17 started initially as a collaborative duo with the aim of making visually and intellectually engaging artworks that explore social and psychological perspectives through Experimental Video Art. Building on this experience and the need to refunctionalize alternative public spaces, Shtat\u00ebmb\u00ebdhjet\u00eb has been registered as a foundation that aims to foster positive change in society through enabling cultural vitality and creativity.\",\"publisher\":{\"@id\":\"https:\\\/\\\/foundation17.org\\\/#organization\"},\"potentialAction\":[{\"@type\":\"SearchAction\",\"target\":{\"@type\":\"EntryPoint\",\"urlTemplate\":\"https:\\\/\\\/foundation17.org\\\/?s={search_term_string}\"},\"query-input\":{\"@type\":\"PropertyValueSpecification\",\"valueRequired\":true,\"valueName\":\"search_term_string\"}}],\"inLanguage\":\"sq-AL\"},{\"@type\":\"Organization\",\"@id\":\"https:\\\/\\\/foundation17.org\\\/#organization\",\"name\":\"SHTAT\u00cbMB\u00cbDHJET\u00cb\",\"url\":\"https:\\\/\\\/foundation17.org\\\/\",\"logo\":{\"@type\":\"ImageObject\",\"inLanguage\":\"sq-AL\",\"@id\":\"https:\\\/\\\/foundation17.org\\\/#\\\/schema\\\/logo\\\/image\\\/\",\"url\":\"https:\\\/\\\/foundation17.org\\\/wp-content\\\/uploads\\\/2021\\\/04\\\/f17logo.png\",\"contentUrl\":\"https:\\\/\\\/foundation17.org\\\/wp-content\\\/uploads\\\/2021\\\/04\\\/f17logo.png\",\"width\":470,\"height\":470,\"caption\":\"SHTAT\u00cbMB\u00cbDHJET\u00cb\"},\"image\":{\"@id\":\"https:\\\/\\\/foundation17.org\\\/#\\\/schema\\\/logo\\\/image\\\/\"},\"sameAs\":[\"https:\\\/\\\/www.facebook.com\\\/fondacioni17\"]},{\"@type\":\"Person\",\"@id\":\"https:\\\/\\\/foundation17.org\\\/#\\\/schema\\\/person\\\/5cc9b37ff368ba2e113b3720d3ea3a3a\",\"name\":\"admin\",\"image\":{\"@type\":\"ImageObject\",\"inLanguage\":\"sq-AL\",\"@id\":\"https:\\\/\\\/secure.gravatar.com\\\/avatar\\\/cf9410e3d1351ea9dc43b849d0ef806a22ba39f6a41369f732234011f5a53da4?s=96&d=mm&r=g\",\"url\":\"https:\\\/\\\/secure.gravatar.com\\\/avatar\\\/cf9410e3d1351ea9dc43b849d0ef806a22ba39f6a41369f732234011f5a53da4?s=96&d=mm&r=g\",\"contentUrl\":\"https:\\\/\\\/secure.gravatar.com\\\/avatar\\\/cf9410e3d1351ea9dc43b849d0ef806a22ba39f6a41369f732234011f5a53da4?s=96&d=mm&r=g\",\"caption\":\"admin\"},\"sameAs\":[\"http:\\\/\\\/foundation17.org\"],\"url\":\"https:\\\/\\\/foundation17.org\\\/sq\\\/author\\\/admin\\\/\"}]}<\/script>\n<!-- \/ Yoast SEO plugin. -->","yoast_head_json":{"title":"Intervenimi artistik specifik p\u00ebr lokacionin | Kacallar- Gjurm\u00eb - SHTAT\u00cbMB\u00cbDHJET\u00cb","robots":{"index":"index","follow":"follow","max-snippet":"max-snippet:-1","max-image-preview":"max-image-preview:large","max-video-preview":"max-video-preview:-1"},"canonical":"https:\/\/foundation17.org\/sq\/site-specific-artistic-intervention-kacallar-gjurme\/","og_locale":"sq_AL","og_type":"article","og_title":"Intervenimi artistik specifik p\u00ebr lokacionin | Kacallar- Gjurm\u00eb - SHTAT\u00cbMB\u00cbDHJET\u00cb","og_description":"KORI SIPARANTUM 19 shtator 2026, ora 19:00 P\u00ebrmes z\u00ebrit t\u00eb Siparantum Choir, hap\u00ebsirat, historit\u00eb dhe kujtimet e Prishtin\u00ebs shnd\u00ebrrohen n\u00eb nj\u00eb p\u00ebrvoj\u00eb muzikore q\u00eb lidh t\u00eb kaluar\u00ebn me t\u00eb tashmen&hellip;","og_url":"https:\/\/foundation17.org\/sq\/site-specific-artistic-intervention-kacallar-gjurme\/","og_site_name":"SHTAT\u00cbMB\u00cbDHJET\u00cb","article_publisher":"https:\/\/www.facebook.com\/fondacioni17","article_published_time":"2026-08-31T13:25:16+00:00","article_modified_time":"2026-08-31T13:28:31+00:00","og_image":[{"width":1081,"height":1351,"url":"https:\/\/foundation17.org\/wp-content\/uploads\/2026\/08\/Metamorphosis-Social.jpg","type":"image\/jpeg"}],"author":"admin","twitter_card":"summary_large_image","twitter_misc":{"Written by":"admin","Est. reading time":"2 minutes"},"schema":{"@context":"https:\/\/schema.org","@graph":[{"@type":"Article","@id":"https:\/\/foundation17.org\/sq\/site-specific-artistic-intervention-kacallar-gjurme\/#article","isPartOf":{"@id":"https:\/\/foundation17.org\/sq\/site-specific-artistic-intervention-kacallar-gjurme\/"},"author":{"name":"admin","@id":"https:\/\/foundation17.org\/#\/schema\/person\/5cc9b37ff368ba2e113b3720d3ea3a3a"},"headline":"Intervenimi artistik specifik p\u00ebr lokacionin | Kacallar- Gjurm\u00eb","datePublished":"2026-08-31T13:25:16+00:00","dateModified":"2026-08-31T13:28:31+00:00","mainEntityOfPage":{"@id":"https:\/\/foundation17.org\/sq\/site-specific-artistic-intervention-kacallar-gjurme\/"},"wordCount":362,"publisher":{"@id":"https:\/\/foundation17.org\/#organization"},"image":{"@id":"https:\/\/foundation17.org\/sq\/site-specific-artistic-intervention-kacallar-gjurme\/#primaryimage"},"thumbnailUrl":"https:\/\/foundation17.org\/wp-content\/uploads\/2026\/08\/Metamorphosis-Social.jpg","articleSection":["Metamorphosis"],"inLanguage":"sq-AL"},{"@type":"WebPage","@id":"https:\/\/foundation17.org\/sq\/site-specific-artistic-intervention-kacallar-gjurme\/","url":"https:\/\/foundation17.org\/sq\/site-specific-artistic-intervention-kacallar-gjurme\/","name":"Intervenimi artistik specifik p\u00ebr lokacionin | Kacallar- Gjurm\u00eb - SHTAT\u00cbMB\u00cbDHJET\u00cb","isPartOf":{"@id":"https:\/\/foundation17.org\/#website"},"primaryImageOfPage":{"@id":"https:\/\/foundation17.org\/sq\/site-specific-artistic-intervention-kacallar-gjurme\/#primaryimage"},"image":{"@id":"https:\/\/foundation17.org\/sq\/site-specific-artistic-intervention-kacallar-gjurme\/#primaryimage"},"thumbnailUrl":"https:\/\/foundation17.org\/wp-content\/uploads\/2026\/08\/Metamorphosis-Social.jpg","datePublished":"2026-08-31T13:25:16+00:00","dateModified":"2026-08-31T13:28:31+00:00","breadcrumb":{"@id":"https:\/\/foundation17.org\/sq\/site-specific-artistic-intervention-kacallar-gjurme\/#breadcrumb"},"inLanguage":"sq-AL","potentialAction":[{"@type":"ReadAction","target":["https:\/\/foundation17.org\/sq\/site-specific-artistic-intervention-kacallar-gjurme\/"]}]},{"@type":"ImageObject","inLanguage":"sq-AL","@id":"https:\/\/foundation17.org\/sq\/site-specific-artistic-intervention-kacallar-gjurme\/#primaryimage","url":"https:\/\/foundation17.org\/wp-content\/uploads\/2026\/08\/Metamorphosis-Social.jpg","contentUrl":"https:\/\/foundation17.org\/wp-content\/uploads\/2026\/08\/Metamorphosis-Social.jpg","width":1081,"height":1351},{"@type":"BreadcrumbList","@id":"https:\/\/foundation17.org\/sq\/site-specific-artistic-intervention-kacallar-gjurme\/#breadcrumb","itemListElement":[{"@type":"ListItem","position":1,"name":"Home","item":"https:\/\/foundation17.org\/sq\/"},{"@type":"ListItem","position":2,"name":"Intervenimi artistik specifik p\u00ebr lokacionin | Kacallar- Gjurm\u00eb"}]},{"@type":"WebSite","@id":"https:\/\/foundation17.org\/#website","url":"https:\/\/foundation17.org\/","name":"SHTAT\u00cbMB\u00cbDHJET\u00cb","description":"is a nonprofit organization established in Prishtina, Kosovo in 2018. 17 started initially as a collaborative duo with the aim of making visually and intellectually engaging artworks that explore social and psychological perspectives through Experimental Video Art. Building on this experience and the need to refunctionalize alternative public spaces, Shtat\u00ebmb\u00ebdhjet\u00eb has been registered as a foundation that aims to foster positive change in society through enabling cultural vitality and creativity.","publisher":{"@id":"https:\/\/foundation17.org\/#organization"},"potentialAction":[{"@type":"SearchAction","target":{"@type":"EntryPoint","urlTemplate":"https:\/\/foundation17.org\/?s={search_term_string}"},"query-input":{"@type":"PropertyValueSpecification","valueRequired":true,"valueName":"search_term_string"}}],"inLanguage":"sq-AL"},{"@type":"Organization","@id":"https:\/\/foundation17.org\/#organization","name":"SHTAT\u00cbMB\u00cbDHJET\u00cb","url":"https:\/\/foundation17.org\/","logo":{"@type":"ImageObject","inLanguage":"sq-AL","@id":"https:\/\/foundation17.org\/#\/schema\/logo\/image\/","url":"https:\/\/foundation17.org\/wp-content\/uploads\/2021\/04\/f17logo.png","contentUrl":"https:\/\/foundation17.org\/wp-content\/uploads\/2021\/04\/f17logo.png","width":470,"height":470,"caption":"SHTAT\u00cbMB\u00cbDHJET\u00cb"},"image":{"@id":"https:\/\/foundation17.org\/#\/schema\/logo\/image\/"},"sameAs":["https:\/\/www.facebook.com\/fondacioni17"]},{"@type":"Person","@id":"https:\/\/foundation17.org\/#\/schema\/person\/5cc9b37ff368ba2e113b3720d3ea3a3a","name":"admin","image":{"@type":"ImageObject","inLanguage":"sq-AL","@id":"https:\/\/secure.gravatar.com\/avatar\/cf9410e3d1351ea9dc43b849d0ef806a22ba39f6a41369f732234011f5a53da4?s=96&d=mm&r=g","url":"https:\/\/secure.gravatar.com\/avatar\/cf9410e3d1351ea9dc43b849d0ef806a22ba39f6a41369f732234011f5a53da4?s=96&d=mm&r=g","contentUrl":"https:\/\/secure.gravatar.com\/avatar\/cf9410e3d1351ea9dc43b849d0ef806a22ba39f6a41369f732234011f5a53da4?s=96&d=mm&r=g","caption":"admin"},"sameAs":["http:\/\/foundation17.org"],"url":"https:\/\/foundation17.org\/sq\/author\/admin\/"}]}},"_links":{"self":[{"href":"https:\/\/foundation17.org\/sq\/wp-json\/wp\/v2\/posts\/59008","targetHints":{"allow":["GET"]}}],"collection":[{"href":"https:\/\/foundation17.org\/sq\/wp-json\/wp\/v2\/posts"}],"about":[{"href":"https:\/\/foundation17.org\/sq\/wp-json\/wp\/v2\/types\/post"}],"author":[{"embeddable":true,"href":"https:\/\/foundation17.org\/sq\/wp-json\/wp\/v2\/users\/1"}],"replies":[{"embeddable":true,"href":"https:\/\/foundation17.org\/sq\/wp-json\/wp\/v2\/comments?post=59008"}],"version-history":[{"count":2,"href":"https:\/\/foundation17.org\/sq\/wp-json\/wp\/v2\/posts\/59008\/revisions"}],"predecessor-version":[{"id":59010,"href":"https:\/\/foundation17.org\/sq\/wp-json\/wp\/v2\/posts\/59008\/revisions\/59010"}],"wp:featuredmedia":[{"embeddable":true,"href":"https:\/\/foundation17.org\/sq\/wp-json\/wp\/v2\/media\/59006"}],"wp:attachment":[{"href":"https:\/\/foundation17.org\/sq\/wp-json\/wp\/v2\/media?parent=59008"}],"wp:term":[{"taxonomy":"category","embeddable":true,"href":"https:\/\/foundation17.org\/sq\/wp-json\/wp\/v2\/categories?post=59008"},{"taxonomy":"post_tag","embeddable":true,"href":"https:\/\/foundation17.org\/sq\/wp-json\/wp\/v2\/tags?post=59008"}],"curies":[{"name":"wp","href":"https:\/\/api.w.org\/{rel}","templated":true}]}}